{"id":7489,"date":"2019-05-30T10:55:30","date_gmt":"2019-05-30T10:55:30","guid":{"rendered":"https:\/\/www.tendenciaevents.com\/?p=7489"},"modified":"2019-05-30T10:55:30","modified_gmt":"2019-05-30T10:55:30","slug":"marrakech-aura-son-palais-des-expositions","status":"publish","type":"post","link":"https:\/\/tendenciaevents.com\/fr\/2019\/05\/30\/marrakech-aura-son-palais-des-expositions\/","title":{"rendered":"MARRAKECH AURA SON PALAIS DES EXPOSITIONS .."},"content":{"rendered":"<p><a href=\"https:\/\/www.tendenciaevents.com\/?s=marrakech&amp;lang=f\"> Marrakech <\/a> aura son palais des expositions ..<br \/>\nles travaux de lancement du nouveau palais des expositions devraient \u00eatre lanc\u00e9s prochainement. Ce palais fait partie des priorit\u00e9s du secteur du tourisme et ses professionnels ne cessent de militer pour la sortie de terre de cette infrastructure.D\u2019apr\u00e8s les professionnels, l\u2019investissement consacr\u00e9 au palais des expositions pourra rapidement \u00eatre rentabilis\u00e9. Les professionnels de tourisme souhaitant jouer dans la cour des grands<span class=\"text_exposed_show\">&nbsp;en termes de <a href=\"https:\/\/www.tendenciaevents.com\/?s=mice&amp;lang=fr\"> Mice <\/a> vont pouvoir attirer de grandes manifestions de la taille de la COP22 qui a permis \u00e0 <a href=\"https:\/\/www.tendenciaevents.com\/?s=marrakech&amp;lang=f\"> Marrakech <\/a>de gagner en visibilit\u00e9.<\/span>Concernant le palais des expositions et apr\u00e8s avoir identifi\u00e9 plusieurs sites (Route de F\u00e8s, Agdal et l\u2019Oudaya) dans la ville de Marrakech et ses r\u00e9gions, c\u2019est finalement pour un 4e site que semble opter la r\u00e9gion. Sis du c\u00f4t\u00e9 de la zone de Chrifia de la CDG, pas loin de l\u2019h\u00f4tel Selman, ce site devra proposer plusieurs hectares pour permettre d\u2019y construire un palais d\u2019expositions \u00e0 l\u2019image de ce qui se fait dans les grandes destinations Mice comme Paris ou encore l\u2019Espagne.<\/p>\n<p><strong><a class=\"_58cn\" href=\"https:\/\/www.facebook.com\/hashtag\/tendencia?source=feed_text&amp;epa=HASHTAG&amp;__xts__%5B0%5D=68.ARA4n8BmaKQH0ReLI0Le8pbrSbjexs9uc1k1wrbEqJ5-ynTsuTISzoVIDBwCW1I1zMx2Z_WfvvKnjbsvSc7kVHv1dsvh3a9Ai8H1PQ1bsJSksTIih5fdWYiQ71Z_R1XYrAarCM060zJDln6vBDu0DB2xGjlhsdLgZbDhHVZ-q72dY4IbThf8HqcGkc7cgdc7raIqroPC7LjM2LQFFDguPqK1J_5BlRv-nrd0zDXImOs5MhAHI3dfuFjohfHWWz5SMKhz9FEVowaUpOAC1RnF_xjfpqPDt7-m5_UZzIkwnGwC1F-3j5dU1jjan_fK74haKPYZ3U9Vk9lxYsenNQtjeGMUuobc&amp;__tn__=%2ANK-R\" data-ft=\"{&quot;type&quot;:104,&quot;tn&quot;:&quot;*N&quot;}\"><span class=\"_5afx\"><span class=\"_58cl _5afz\">#<\/span><span class=\"_58cm\">Tendencia<\/span><\/span><\/a>&nbsp;<a class=\"_58cn\" href=\"https:\/\/www.facebook.com\/hashtag\/marrakech?source=feed_text&amp;epa=HASHTAG&amp;__xts__%5B0%5D=68.ARA4n8BmaKQH0ReLI0Le8pbrSbjexs9uc1k1wrbEqJ5-ynTsuTISzoVIDBwCW1I1zMx2Z_WfvvKnjbsvSc7kVHv1dsvh3a9Ai8H1PQ1bsJSksTIih5fdWYiQ71Z_R1XYrAarCM060zJDln6vBDu0DB2xGjlhsdLgZbDhHVZ-q72dY4IbThf8HqcGkc7cgdc7raIqroPC7LjM2LQFFDguPqK1J_5BlRv-nrd0zDXImOs5MhAHI3dfuFjohfHWWz5SMKhz9FEVowaUpOAC1RnF_xjfpqPDt7-m5_UZzIkwnGwC1F-3j5dU1jjan_fK74haKPYZ3U9Vk9lxYsenNQtjeGMUuobc&amp;__tn__=%2ANK-R\" data-ft=\"{&quot;type&quot;:104,&quot;tn&quot;:&quot;*N&quot;}\"><span class=\"_5afx\"><span class=\"_58cl _5afz\">#<\/span><span class=\"_58cm\">Marrakech<\/span><\/span><\/a>&nbsp;<a class=\"_58cn\" href=\"https:\/\/www.facebook.com\/hashtag\/dmc?source=feed_text&amp;epa=HASHTAG&amp;__xts__%5B0%5D=68.ARA4n8BmaKQH0ReLI0Le8pbrSbjexs9uc1k1wrbEqJ5-ynTsuTISzoVIDBwCW1I1zMx2Z_WfvvKnjbsvSc7kVHv1dsvh3a9Ai8H1PQ1bsJSksTIih5fdWYiQ71Z_R1XYrAarCM060zJDln6vBDu0DB2xGjlhsdLgZbDhHVZ-q72dY4IbThf8HqcGkc7cgdc7raIqroPC7LjM2LQFFDguPqK1J_5BlRv-nrd0zDXImOs5MhAHI3dfuFjohfHWWz5SMKhz9FEVowaUpOAC1RnF_xjfpqPDt7-m5_UZzIkwnGwC1F-3j5dU1jjan_fK74haKPYZ3U9Vk9lxYsenNQtjeGMUuobc&amp;__tn__=%2ANK-R\" data-ft=\"{&quot;type&quot;:104,&quot;tn&quot;:&quot;*N&quot;}\"><span class=\"_5afx\"><span class=\"_58cl _5afz\">#<\/span><span class=\"_58cm\">Dmc<\/span><\/span><\/a>&nbsp;<a class=\"_58cn\" href=\"https:\/\/www.facebook.com\/hashtag\/mice?source=feed_text&amp;epa=HASHTAG&amp;__xts__%5B0%5D=68.ARA4n8BmaKQH0ReLI0Le8pbrSbjexs9uc1k1wrbEqJ5-ynTsuTISzoVIDBwCW1I1zMx2Z_WfvvKnjbsvSc7kVHv1dsvh3a9Ai8H1PQ1bsJSksTIih5fdWYiQ71Z_R1XYrAarCM060zJDln6vBDu0DB2xGjlhsdLgZbDhHVZ-q72dY4IbThf8HqcGkc7cgdc7raIqroPC7LjM2LQFFDguPqK1J_5BlRv-nrd0zDXImOs5MhAHI3dfuFjohfHWWz5SMKhz9FEVowaUpOAC1RnF_xjfpqPDt7-m5_UZzIkwnGwC1F-3j5dU1jjan_fK74haKPYZ3U9Vk9lxYsenNQtjeGMUuobc&amp;__tn__=%2ANK-R\" data-ft=\"{&quot;type&quot;:104,&quot;tn&quot;:&quot;*N&quot;}\"><span class=\"_5afx\"><span class=\"_58cl _5afz\">#<\/span><span class=\"_58cm\">MICE<\/span><\/span><\/a>&nbsp;<a class=\"_58cn\" href=\"https:\/\/www.facebook.com\/hashtag\/morocco?source=feed_text&amp;epa=HASHTAG&amp;__xts__%5B0%5D=68.ARA4n8BmaKQH0ReLI0Le8pbrSbjexs9uc1k1wrbEqJ5-ynTsuTISzoVIDBwCW1I1zMx2Z_WfvvKnjbsvSc7kVHv1dsvh3a9Ai8H1PQ1bsJSksTIih5fdWYiQ71Z_R1XYrAarCM060zJDln6vBDu0DB2xGjlhsdLgZbDhHVZ-q72dY4IbThf8HqcGkc7cgdc7raIqroPC7LjM2LQFFDguPqK1J_5BlRv-nrd0zDXImOs5MhAHI3dfuFjohfHWWz5SMKhz9FEVowaUpOAC1RnF_xjfpqPDt7-m5_UZzIkwnGwC1F-3j5dU1jjan_fK74haKPYZ3U9Vk9lxYsenNQtjeGMUuobc&amp;__tn__=%2ANK-R\" data-ft=\"{&quot;type&quot;:104,&quot;tn&quot;:&quot;*N&quot;}\"><span class=\"_5afx\"><span class=\"_58cl _5afz\">#<\/span><span class=\"_58cm\">Morocco<\/span><\/span><\/a>&nbsp;<a class=\"_58cn\" href=\"https:\/\/www.facebook.com\/hashtag\/maroc?source=feed_text&amp;epa=HASHTAG&amp;__xts__%5B0%5D=68.ARA4n8BmaKQH0ReLI0Le8pbrSbjexs9uc1k1wrbEqJ5-ynTsuTISzoVIDBwCW1I1zMx2Z_WfvvKnjbsvSc7kVHv1dsvh3a9Ai8H1PQ1bsJSksTIih5fdWYiQ71Z_R1XYrAarCM060zJDln6vBDu0DB2xGjlhsdLgZbDhHVZ-q72dY4IbThf8HqcGkc7cgdc7raIqroPC7LjM2LQFFDguPqK1J_5BlRv-nrd0zDXImOs5MhAHI3dfuFjohfHWWz5SMKhz9FEVowaUpOAC1RnF_xjfpqPDt7-m5_UZzIkwnGwC1F-3j5dU1jjan_fK74haKPYZ3U9Vk9lxYsenNQtjeGMUuobc&amp;__tn__=%2ANK-R\" data-ft=\"{&quot;type&quot;:104,&quot;tn&quot;:&quot;*N&quot;}\"><span class=\"_5afx\"><span class=\"_58cl _5afz\">#<\/span><span class=\"_58cm\">Maroc<\/span><\/span><\/a>&nbsp;<a class=\"_58cn\" href=\"https:\/\/www.facebook.com\/hashtag\/tangier?source=feed_text&amp;epa=HASHTAG&amp;__xts__%5B0%5D=68.ARA4n8BmaKQH0ReLI0Le8pbrSbjexs9uc1k1wrbEqJ5-ynTsuTISzoVIDBwCW1I1zMx2Z_WfvvKnjbsvSc7kVHv1dsvh3a9Ai8H1PQ1bsJSksTIih5fdWYiQ71Z_R1XYrAarCM060zJDln6vBDu0DB2xGjlhsdLgZbDhHVZ-q72dY4IbThf8HqcGkc7cgdc7raIqroPC7LjM2LQFFDguPqK1J_5BlRv-nrd0zDXImOs5MhAHI3dfuFjohfHWWz5SMKhz9FEVowaUpOAC1RnF_xjfpqPDt7-m5_UZzIkwnGwC1F-3j5dU1jjan_fK74haKPYZ3U9Vk9lxYsenNQtjeGMUuobc&amp;__tn__=%2ANK-R\" data-ft=\"{&quot;type&quot;:104,&quot;tn&quot;:&quot;*N&quot;}\"><span class=\"_5afx\"><span class=\"_58cl _5afz\">#<\/span><span class=\"_58cm\">tangier<\/span><\/span><\/a><a class=\"_58cn\" href=\"https:\/\/www.facebook.com\/hashtag\/tourisme?source=feed_text&amp;epa=HASHTAG&amp;__xts__%5B0%5D=68.ARA4n8BmaKQH0ReLI0Le8pbrSbjexs9uc1k1wrbEqJ5-ynTsuTISzoVIDBwCW1I1zMx2Z_WfvvKnjbsvSc7kVHv1dsvh3a9Ai8H1PQ1bsJSksTIih5fdWYiQ71Z_R1XYrAarCM060zJDln6vBDu0DB2xGjlhsdLgZbDhHVZ-q72dY4IbThf8HqcGkc7cgdc7raIqroPC7LjM2LQFFDguPqK1J_5BlRv-nrd0zDXImOs5MhAHI3dfuFjohfHWWz5SMKhz9FEVowaUpOAC1RnF_xjfpqPDt7-m5_UZzIkwnGwC1F-3j5dU1jjan_fK74haKPYZ3U9Vk9lxYsenNQtjeGMUuobc&amp;__tn__=%2ANK-R\" data-ft=\"{&quot;type&quot;:104,&quot;tn&quot;:&quot;*N&quot;}\"><span class=\"_5afx\"><span class=\"_58cl _5afz\">#<\/span><span class=\"_58cm\">tourisme<\/span><\/span><\/a><\/strong><\/p>\n","protected":false},"excerpt":{"rendered":"<p>Marrakech aura son palais des expositions .. les travaux de lancement du nouveau palais des expositions devraient \u00eatre lanc\u00e9s prochainement. Ce palais fait partie des priorit\u00e9s du secteur du tourisme et ses professionnels ne cessent de militer pour la sortie de terre de cette infrastructure.D\u2019apr\u00e8s les professionnels, l\u2019investissement consacr\u00e9 au palais des expositions pourra rapidement [&hellip;]<\/p>\n","protected":false},"author":2,"featured_media":7490,"comment_status":"open","ping_status":"open","sticky":false,"template":"","format":"standard","meta":{"footnotes":""},"categories":[1],"tags":[],"class_list":["post-7489","post","type-post","status-publish","format-standard","has-post-thumbnail","hentry","category-uncategorized"],"yoast_head":"<!-- This site is optimized with the Yoast SEO plugin v25.6 - https:\/\/yoast.com\/wordpress\/plugins\/seo\/ -->\n<title>MARRAKECH AURA SON PALAIS DES EXPOSITIONS .. | Tendencia<\/title>\n<meta name=\"robots\" content=\"index, follow, max-snippet:-1, max-image-preview:large, max-video-preview:-1\" \/>\n<link rel=\"canonical\" href=\"https:\/\/tendenciaevents.com\/2019\/05\/30\/marrakech-aura-son-palais-des-expositions\/\" \/>\n<meta property=\"og:locale\" content=\"fr_FR\" \/>\n<meta property=\"og:type\" content=\"article\" \/>\n<meta property=\"og:title\" content=\"MARRAKECH AURA SON PALAIS DES EXPOSITIONS .. | Tendencia\" \/>\n<meta property=\"og:description\" content=\"Marrakech aura son palais des expositions .. les travaux de lancement du nouveau palais des expositions devraient \u00eatre lanc\u00e9s prochainement. Ce palais fait partie des priorit\u00e9s du secteur du tourisme et ses professionnels ne cessent de militer pour la sortie de terre de cette infrastructure.D\u2019apr\u00e8s les professionnels, l\u2019investissement consacr\u00e9 au palais des expositions pourra rapidement [&hellip;]\" \/>\n<meta property=\"og:url\" content=\"https:\/\/tendenciaevents.com\/2019\/05\/30\/marrakech-aura-son-palais-des-expositions\/\" \/>\n<meta property=\"og:site_name\" content=\"Tendencia\" \/>\n<meta property=\"article:published_time\" content=\"2019-05-30T10:55:30+00:00\" \/>\n<meta property=\"og:image\" content=\"https:\/\/tendenciaevents.com\/wp-content\/uploads\/2019\/05\/oiiiiii-1.jpg\" \/>\n\t<meta property=\"og:image:width\" content=\"1200\" \/>\n\t<meta property=\"og:image:height\" content=\"798\" \/>\n\t<meta property=\"og:image:type\" content=\"image\/jpeg\" \/>\n<meta name=\"author\" content=\"Fatima-ezzahra\" \/>\n<meta name=\"twitter:card\" content=\"summary_large_image\" \/>\n<meta name=\"twitter:label1\" content=\"\u00c9crit par\" \/>\n\t<meta name=\"twitter:data1\" content=\"Fatima-ezzahra\" \/>\n\t<meta name=\"twitter:label2\" content=\"Dur\u00e9e de lecture estim\u00e9e\" \/>\n\t<meta name=\"twitter:data2\" content=\"1 minute\" \/>\n<script type=\"application\/ld+json\" class=\"yoast-schema-graph\">{\"@context\":\"https:\/\/schema.org\",\"@graph\":[{\"@type\":[\"Article\",\"BlogPosting\"],\"@id\":\"https:\/\/tendenciaevents.com\/2019\/05\/30\/marrakech-aura-son-palais-des-expositions\/#article\",\"isPartOf\":{\"@id\":\"https:\/\/tendenciaevents.com\/2019\/05\/30\/marrakech-aura-son-palais-des-expositions\/\"},\"author\":{\"name\":\"Fatima-ezzahra\",\"@id\":\"https:\/\/tendenciaevents.com\/#\/schema\/person\/853d9ccd1a413652e73a0e906245e43a\"},\"headline\":\"MARRAKECH AURA SON PALAIS DES EXPOSITIONS ..\",\"datePublished\":\"2019-05-30T10:55:30+00:00\",\"mainEntityOfPage\":{\"@id\":\"https:\/\/tendenciaevents.com\/2019\/05\/30\/marrakech-aura-son-palais-des-expositions\/\"},\"wordCount\":212,\"commentCount\":0,\"publisher\":{\"@id\":\"https:\/\/tendenciaevents.com\/#organization\"},\"image\":{\"@id\":\"https:\/\/tendenciaevents.com\/2019\/05\/30\/marrakech-aura-son-palais-des-expositions\/#primaryimage\"},\"thumbnailUrl\":\"https:\/\/tendenciaevents.com\/wp-content\/uploads\/2019\/05\/oiiiiii-1.jpg\",\"articleSection\":[\"Uncategorized\"],\"inLanguage\":\"fr-FR\",\"potentialAction\":[{\"@type\":\"CommentAction\",\"name\":\"Comment\",\"target\":[\"https:\/\/tendenciaevents.com\/2019\/05\/30\/marrakech-aura-son-palais-des-expositions\/#respond\"]}]},{\"@type\":\"WebPage\",\"@id\":\"https:\/\/tendenciaevents.com\/2019\/05\/30\/marrakech-aura-son-palais-des-expositions\/\",\"url\":\"https:\/\/tendenciaevents.com\/2019\/05\/30\/marrakech-aura-son-palais-des-expositions\/\",\"name\":\"MARRAKECH AURA SON PALAIS DES EXPOSITIONS .. | Tendencia\",\"isPartOf\":{\"@id\":\"https:\/\/tendenciaevents.com\/#website\"},\"primaryImageOfPage\":{\"@id\":\"https:\/\/tendenciaevents.com\/2019\/05\/30\/marrakech-aura-son-palais-des-expositions\/#primaryimage\"},\"image\":{\"@id\":\"https:\/\/tendenciaevents.com\/2019\/05\/30\/marrakech-aura-son-palais-des-expositions\/#primaryimage\"},\"thumbnailUrl\":\"https:\/\/tendenciaevents.com\/wp-content\/uploads\/2019\/05\/oiiiiii-1.jpg\",\"datePublished\":\"2019-05-30T10:55:30+00:00\",\"breadcrumb\":{\"@id\":\"https:\/\/tendenciaevents.com\/2019\/05\/30\/marrakech-aura-son-palais-des-expositions\/#breadcrumb\"},\"inLanguage\":\"fr-FR\",\"potentialAction\":[{\"@type\":\"ReadAction\",\"target\":[\"https:\/\/tendenciaevents.com\/2019\/05\/30\/marrakech-aura-son-palais-des-expositions\/\"]}]},{\"@type\":\"ImageObject\",\"inLanguage\":\"fr-FR\",\"@id\":\"https:\/\/tendenciaevents.com\/2019\/05\/30\/marrakech-aura-son-palais-des-expositions\/#primaryimage\",\"url\":\"https:\/\/tendenciaevents.com\/wp-content\/uploads\/2019\/05\/oiiiiii-1.jpg\",\"contentUrl\":\"https:\/\/tendenciaevents.com\/wp-content\/uploads\/2019\/05\/oiiiiii-1.jpg\",\"width\":1200,\"height\":798},{\"@type\":\"BreadcrumbList\",\"@id\":\"https:\/\/tendenciaevents.com\/2019\/05\/30\/marrakech-aura-son-palais-des-expositions\/#breadcrumb\",\"itemListElement\":[{\"@type\":\"ListItem\",\"position\":1,\"name\":\"Home\",\"item\":\"https:\/\/tendenciaevents.com\/fr\/\"},{\"@type\":\"ListItem\",\"position\":2,\"name\":\"MARRAKECH AURA SON PALAIS DES EXPOSITIONS ..\"}]},{\"@type\":\"WebSite\",\"@id\":\"https:\/\/tendenciaevents.com\/#website\",\"url\":\"https:\/\/tendenciaevents.com\/\",\"name\":\"Tendencia Events & Travel\",\"description\":\"Events &amp; Travel\",\"publisher\":{\"@id\":\"https:\/\/tendenciaevents.com\/#organization\"},\"alternateName\":\"Tendencia\",\"potentialAction\":[{\"@type\":\"SearchAction\",\"target\":{\"@type\":\"EntryPoint\",\"urlTemplate\":\"https:\/\/tendenciaevents.com\/?s={search_term_string}\"},\"query-input\":{\"@type\":\"PropertyValueSpecification\",\"valueRequired\":true,\"valueName\":\"search_term_string\"}}],\"inLanguage\":\"fr-FR\"},{\"@type\":\"Organization\",\"@id\":\"https:\/\/tendenciaevents.com\/#organization\",\"name\":\"Tendencia Events & Travel\",\"url\":\"https:\/\/tendenciaevents.com\/\",\"logo\":{\"@type\":\"ImageObject\",\"inLanguage\":\"fr-FR\",\"@id\":\"https:\/\/tendenciaevents.com\/#\/schema\/logo\/image\/\",\"url\":\"https:\/\/tendenciaevents.com\/wp-content\/uploads\/2019\/06\/logott-1.jpg\",\"contentUrl\":\"https:\/\/tendenciaevents.com\/wp-content\/uploads\/2019\/06\/logott-1.jpg\",\"width\":438,\"height\":215,\"caption\":\"Tendencia Events & Travel\"},\"image\":{\"@id\":\"https:\/\/tendenciaevents.com\/#\/schema\/logo\/image\/\"},\"sameAs\":[\"https:\/\/www.linkedin.com\/in\/nabih-kabbaj\/\",\"https:\/\/www.tiktok.com\/@teambuildingmorocco?_t=8mmm9g9xd6z&_r=1\",\"https:\/\/www.instagram.com\/teambuildingmorocco\/\",\"https:\/\/www.youtube.com\/@tendenciaeventstravel2270\"]},{\"@type\":\"Person\",\"@id\":\"https:\/\/tendenciaevents.com\/#\/schema\/person\/853d9ccd1a413652e73a0e906245e43a\",\"name\":\"Fatima-ezzahra\",\"image\":{\"@type\":\"ImageObject\",\"inLanguage\":\"fr-FR\",\"@id\":\"https:\/\/tendenciaevents.com\/#\/schema\/person\/image\/\",\"url\":\"https:\/\/secure.gravatar.com\/avatar\/?s=96&d=mm&r=g\",\"contentUrl\":\"https:\/\/secure.gravatar.com\/avatar\/?s=96&d=mm&r=g\",\"caption\":\"Fatima-ezzahra\"},\"url\":\"https:\/\/tendenciaevents.com\/fr\/author\/fatima-ezzahra\/\"}]}<\/script>\n<!-- \/ Yoast SEO plugin. -->","yoast_head_json":{"title":"MARRAKECH AURA SON PALAIS DES EXPOSITIONS .. | Tendencia","robots":{"index":"index","follow":"follow","max-snippet":"max-snippet:-1","max-image-preview":"max-image-preview:large","max-video-preview":"max-video-preview:-1"},"canonical":"https:\/\/tendenciaevents.com\/2019\/05\/30\/marrakech-aura-son-palais-des-expositions\/","og_locale":"fr_FR","og_type":"article","og_title":"MARRAKECH AURA SON PALAIS DES EXPOSITIONS .. | Tendencia","og_description":"Marrakech aura son palais des expositions .. les travaux de lancement du nouveau palais des expositions devraient \u00eatre lanc\u00e9s prochainement. Ce palais fait partie des priorit\u00e9s du secteur du tourisme et ses professionnels ne cessent de militer pour la sortie de terre de cette infrastructure.D\u2019apr\u00e8s les professionnels, l\u2019investissement consacr\u00e9 au palais des expositions pourra rapidement [&hellip;]","og_url":"https:\/\/tendenciaevents.com\/2019\/05\/30\/marrakech-aura-son-palais-des-expositions\/","og_site_name":"Tendencia","article_published_time":"2019-05-30T10:55:30+00:00","og_image":[{"width":1200,"height":798,"url":"https:\/\/tendenciaevents.com\/wp-content\/uploads\/2019\/05\/oiiiiii-1.jpg","type":"image\/jpeg"}],"author":"Fatima-ezzahra","twitter_card":"summary_large_image","twitter_misc":{"\u00c9crit par":"Fatima-ezzahra","Dur\u00e9e de lecture estim\u00e9e":"1 minute"},"schema":{"@context":"https:\/\/schema.org","@graph":[{"@type":["Article","BlogPosting"],"@id":"https:\/\/tendenciaevents.com\/2019\/05\/30\/marrakech-aura-son-palais-des-expositions\/#article","isPartOf":{"@id":"https:\/\/tendenciaevents.com\/2019\/05\/30\/marrakech-aura-son-palais-des-expositions\/"},"author":{"name":"Fatima-ezzahra","@id":"https:\/\/tendenciaevents.com\/#\/schema\/person\/853d9ccd1a413652e73a0e906245e43a"},"headline":"MARRAKECH AURA SON PALAIS DES EXPOSITIONS ..","datePublished":"2019-05-30T10:55:30+00:00","mainEntityOfPage":{"@id":"https:\/\/tendenciaevents.com\/2019\/05\/30\/marrakech-aura-son-palais-des-expositions\/"},"wordCount":212,"commentCount":0,"publisher":{"@id":"https:\/\/tendenciaevents.com\/#organization"},"image":{"@id":"https:\/\/tendenciaevents.com\/2019\/05\/30\/marrakech-aura-son-palais-des-expositions\/#primaryimage"},"thumbnailUrl":"https:\/\/tendenciaevents.com\/wp-content\/uploads\/2019\/05\/oiiiiii-1.jpg","articleSection":["Uncategorized"],"inLanguage":"fr-FR","potentialAction":[{"@type":"CommentAction","name":"Comment","target":["https:\/\/tendenciaevents.com\/2019\/05\/30\/marrakech-aura-son-palais-des-expositions\/#respond"]}]},{"@type":"WebPage","@id":"https:\/\/tendenciaevents.com\/2019\/05\/30\/marrakech-aura-son-palais-des-expositions\/","url":"https:\/\/tendenciaevents.com\/2019\/05\/30\/marrakech-aura-son-palais-des-expositions\/","name":"MARRAKECH AURA SON PALAIS DES EXPOSITIONS .. | Tendencia","isPartOf":{"@id":"https:\/\/tendenciaevents.com\/#website"},"primaryImageOfPage":{"@id":"https:\/\/tendenciaevents.com\/2019\/05\/30\/marrakech-aura-son-palais-des-expositions\/#primaryimage"},"image":{"@id":"https:\/\/tendenciaevents.com\/2019\/05\/30\/marrakech-aura-son-palais-des-expositions\/#primaryimage"},"thumbnailUrl":"https:\/\/tendenciaevents.com\/wp-content\/uploads\/2019\/05\/oiiiiii-1.jpg","datePublished":"2019-05-30T10:55:30+00:00","breadcrumb":{"@id":"https:\/\/tendenciaevents.com\/2019\/05\/30\/marrakech-aura-son-palais-des-expositions\/#breadcrumb"},"inLanguage":"fr-FR","potentialAction":[{"@type":"ReadAction","target":["https:\/\/tendenciaevents.com\/2019\/05\/30\/marrakech-aura-son-palais-des-expositions\/"]}]},{"@type":"ImageObject","inLanguage":"fr-FR","@id":"https:\/\/tendenciaevents.com\/2019\/05\/30\/marrakech-aura-son-palais-des-expositions\/#primaryimage","url":"https:\/\/tendenciaevents.com\/wp-content\/uploads\/2019\/05\/oiiiiii-1.jpg","contentUrl":"https:\/\/tendenciaevents.com\/wp-content\/uploads\/2019\/05\/oiiiiii-1.jpg","width":1200,"height":798},{"@type":"BreadcrumbList","@id":"https:\/\/tendenciaevents.com\/2019\/05\/30\/marrakech-aura-son-palais-des-expositions\/#breadcrumb","itemListElement":[{"@type":"ListItem","position":1,"name":"Home","item":"https:\/\/tendenciaevents.com\/fr\/"},{"@type":"ListItem","position":2,"name":"MARRAKECH AURA SON PALAIS DES EXPOSITIONS .."}]},{"@type":"WebSite","@id":"https:\/\/tendenciaevents.com\/#website","url":"https:\/\/tendenciaevents.com\/","name":"Tendencia Events & Travel","description":"Events &amp; Travel","publisher":{"@id":"https:\/\/tendenciaevents.com\/#organization"},"alternateName":"Tendencia","potentialAction":[{"@type":"SearchAction","target":{"@type":"EntryPoint","urlTemplate":"https:\/\/tendenciaevents.com\/?s={search_term_string}"},"query-input":{"@type":"PropertyValueSpecification","valueRequired":true,"valueName":"search_term_string"}}],"inLanguage":"fr-FR"},{"@type":"Organization","@id":"https:\/\/tendenciaevents.com\/#organization","name":"Tendencia Events & Travel","url":"https:\/\/tendenciaevents.com\/","logo":{"@type":"ImageObject","inLanguage":"fr-FR","@id":"https:\/\/tendenciaevents.com\/#\/schema\/logo\/image\/","url":"https:\/\/tendenciaevents.com\/wp-content\/uploads\/2019\/06\/logott-1.jpg","contentUrl":"https:\/\/tendenciaevents.com\/wp-content\/uploads\/2019\/06\/logott-1.jpg","width":438,"height":215,"caption":"Tendencia Events & Travel"},"image":{"@id":"https:\/\/tendenciaevents.com\/#\/schema\/logo\/image\/"},"sameAs":["https:\/\/www.linkedin.com\/in\/nabih-kabbaj\/","https:\/\/www.tiktok.com\/@teambuildingmorocco?_t=8mmm9g9xd6z&_r=1","https:\/\/www.instagram.com\/teambuildingmorocco\/","https:\/\/www.youtube.com\/@tendenciaeventstravel2270"]},{"@type":"Person","@id":"https:\/\/tendenciaevents.com\/#\/schema\/person\/853d9ccd1a413652e73a0e906245e43a","name":"Fatima-ezzahra","image":{"@type":"ImageObject","inLanguage":"fr-FR","@id":"https:\/\/tendenciaevents.com\/#\/schema\/person\/image\/","url":"https:\/\/secure.gravatar.com\/avatar\/?s=96&d=mm&r=g","contentUrl":"https:\/\/secure.gravatar.com\/avatar\/?s=96&d=mm&r=g","caption":"Fatima-ezzahra"},"url":"https:\/\/tendenciaevents.com\/fr\/author\/fatima-ezzahra\/"}]}},"_links":{"self":[{"href":"https:\/\/tendenciaevents.com\/fr\/wp-json\/wp\/v2\/posts\/7489"}],"collection":[{"href":"https:\/\/tendenciaevents.com\/fr\/wp-json\/wp\/v2\/posts"}],"about":[{"href":"https:\/\/tendenciaevents.com\/fr\/wp-json\/wp\/v2\/types\/post"}],"author":[{"embeddable":true,"href":"https:\/\/tendenciaevents.com\/fr\/wp-json\/wp\/v2\/users\/2"}],"replies":[{"embeddable":true,"href":"https:\/\/tendenciaevents.com\/fr\/wp-json\/wp\/v2\/comments?post=7489"}],"version-history":[{"count":0,"href":"https:\/\/tendenciaevents.com\/fr\/wp-json\/wp\/v2\/posts\/7489\/revisions"}],"wp:featuredmedia":[{"embeddable":true,"href":"https:\/\/tendenciaevents.com\/fr\/wp-json\/wp\/v2\/media\/7490"}],"wp:attachment":[{"href":"https:\/\/tendenciaevents.com\/fr\/wp-json\/wp\/v2\/media?parent=7489"}],"wp:term":[{"taxonomy":"category","embeddable":true,"href":"https:\/\/tendenciaevents.com\/fr\/wp-json\/wp\/v2\/categories?post=7489"},{"taxonomy":"post_tag","embeddable":true,"href":"https:\/\/tendenciaevents.com\/fr\/wp-json\/wp\/v2\/tags?post=7489"}],"curies":[{"name":"wp","href":"https:\/\/api.w.org\/{rel}","templated":true}]}}