{"id":11283,"date":"2023-12-22T15:45:35","date_gmt":"2023-12-22T15:45:35","guid":{"rendered":"https:\/\/www.tendenciaevents.com\/?p=11283"},"modified":"2024-10-29T14:36:25","modified_gmt":"2024-10-29T14:36:25","slug":"%f0%9f%93%8d-spot-du-mois-oued-kanar-region-de-chefchaouen-%f0%9f%8f%9e%ef%b8%8f","status":"publish","type":"post","link":"https:\/\/tendenciaevents.com\/fr\/2023\/12\/22\/%f0%9f%93%8d-spot-du-mois-oued-kanar-region-de-chefchaouen-%f0%9f%8f%9e%ef%b8%8f\/","title":{"rendered":"\ud83d\udccd\u00a0Spot du mois : Oued Kanar &amp; R\u00e9gion de Chefchaouen\u00a0\u00a0\ud83c\udfde\ufe0f"},"content":{"rendered":"\n<figure class=\"wp-block-image size-large\"><img decoding=\"async\" src=\"https:\/\/www.tendenciaevents.com\/wp-content\/uploads\/2023\/12\/Ajouter-des-lignes-dans-le-corps-du-texte-3-1024x683.png\" alt=\"\" class=\"wp-image-11284\"\/><figcaption class=\"wp-element-caption\"><br><\/figcaption><\/figure>\n\n\n\n<p><strong>Dans notre s\u00e9rie \u00ab\u00a0Spot du mois\u00a0\u00bb, nous vous emmenons cette fois-ci dans la magnifique r\u00e9gion de Chefchaouen. Avec ses rues pittoresques aux murs bleus \u00e9clatants, cette ville marocaine offre un cadre exceptionnel pour vos \u00e9v\u00e9nements d&rsquo;entreprise. De ses magnifiques paysages montagneux \u00e0 son atmosph\u00e8re apaisante, Chefchaouen est une destination de choix pour un s\u00e9minaire, un incentive ou un team building m\u00e9morable. D\u00e9couvrez les tr\u00e9sors cach\u00e9s de cette r\u00e9gion et laissez-vous inspirer par son charme unique !<\/strong><\/p>\n\n\n\n<p><strong>#Chefchaouen #DestinationMarocaine #RuesBleues #NatureMagnifique #Teambuilding<\/strong><\/p>\n\n\n\n<p><strong>Pourquoi la ville de Chefchaouen est de couleur blue&nbsp;?&nbsp;<\/strong><\/p>\n\n\n\n<p>Ce mois-ci, nous vous emmenons \u00e0 la d\u00e9couverte de la magnifique r\u00e9gion de Chefchaouen et de l&rsquo;oued Kanar, deux joyaux du Maroc qui ne manqueront pas de vous \u00e9merveiller. Dans cet article, nous allons nous pencher sur l&rsquo;histoire et la signification de la couleur bleue qui fait la renomm\u00e9e de Chefchaouen. De son origine myst\u00e9rieuse \u00e0 son impact sur l&rsquo;atmosph\u00e8re unique de la ville, vous allez plonger dans la magie du bleu qui impr\u00e8gne chaque rue de Chefchaouen.<\/p>\n\n\n\n<p><strong>L&rsquo;origine de la couleur bleue :<\/strong><\/p>\n\n\n\n<p>La couleur bleue des rues de Chefchaouen a une origine profond\u00e9ment ancr\u00e9e dans l&rsquo;histoire de la ville. Selon les l\u00e9gendes locales, l&rsquo;utilisation du bleu remonte \u00e0 l&rsquo;arriv\u00e9e des r\u00e9fugi\u00e9s juifs en provenance d&rsquo;Espagne au 15e si\u00e8cle. Pour eux, le bleu \u00e9tait une couleur symbolique de la divinit\u00e9 et de la protection. Ils ont donc choisi de peindre les murs de leurs maisons en bleu pour recr\u00e9er une atmosph\u00e8re spirituelle et apaisante. Ainsi, les rues de Chefchaouen sont devenues un v\u00e9ritable hommage \u00e0 cette tradition juive s\u00e9culaire.<\/p>\n\n\n\n<p><strong>La signification culturelle et spirituelle :<\/strong><\/p>\n\n\n\n<p>Au-del\u00e0 de son origine historique, la couleur bleue a acquis une signification culturelle et spirituelle dans la ville de Chefchaouen. Elle est consid\u00e9r\u00e9e comme une couleur qui \u00e9loigne les mauvais esprits et qui apporte la paix int\u00e9rieure. Les habitants de Chefchaouen croient fermement en la puissance de cette couleur pour \u00e9loigner les \u00e9nergies n\u00e9gatives et favoriser l&rsquo;harmonie. Ainsi, les rues bleues de Chefchaouen cr\u00e9ent une atmosph\u00e8re unique o\u00f9 il est facile de se perdre dans la contemplation, la m\u00e9ditation et la connexion spirituelle.<\/p>\n\n\n\n<p><strong>L&rsquo;impact du bleu sur l&rsquo;exp\u00e9rience des visiteurs :<\/strong><\/p>\n\n\n\n<p>La couleur bleue omnipr\u00e9sente dans les rues de Chefchaouen cr\u00e9e une exp\u00e9rience visuelle inoubliable pour les visiteurs. La beaut\u00e9 des b\u00e2timents aux tons bleus \u00e9clatants contraste magnifiquement avec les montagnes environnantes et le ciel clair de la r\u00e9gion. Cette harmonie des couleurs offre un cadre id\u00e9al pour des moments de calme et de s\u00e9r\u00e9nit\u00e9, propices \u00e0 la r\u00e9flexion et \u00e0 la contemplation. De plus, le bleu a \u00e9galement un effet apaisant sur l&rsquo;esprit, ce qui fait de Chefchaouen un lieu propice \u00e0 la d\u00e9tente et au ressourcement.<\/p>\n\n\n\n<p>Chefchaouen, avec ses rues bleues envo\u00fbtantes, est bien plus qu&rsquo;une simple destination touristique. Cette ville magique est empreinte d&rsquo;histoire, de culture et de spiritualit\u00e9. Chaque coin de rue offre une invitation \u00e0 la contemplation et \u00e0 la d\u00e9couverte de Soi. En visitant Chefchaouen, vous vous immergerez dans un monde o\u00f9 la couleur bleue devient une source d&rsquo;inspiration et de s\u00e9r\u00e9nit\u00e9. Que vous soyez \u00e0 la recherche d&rsquo;une exp\u00e9rience culturelle unique, de moments de d\u00e9tente ou de paysages \u00e0 couper le souffle, Chefchaouen et l&rsquo;oued Kanar vous promettent une aventure inoubliable dans un univers de bleu.<\/p>\n\n\n\n<p>Restez \u00e0 l&rsquo;aff\u00fbt des derni\u00e8res tendances de l&rsquo;industrie MICE en vous abonnant \u00e0 notre newsletter et en nous suivant sur nos r\u00e9seaux sociaux !<\/p>\n\n\n\n<p>\u00c0 bient\u00f4t pour de nouvelles aventures MICE au Maroc !<\/p>\n\n\n\n<p>L&rsquo;\u00e9quipe de l&rsquo;agence Tendencia Maroc&nbsp;\ud83c\udf1f\ud83c\uddf2\ud83c\udde6<\/p>\n","protected":false},"excerpt":{"rendered":"<p>Dans notre s\u00e9rie \u00ab\u00a0Spot du mois\u00a0\u00bb, nous vous emmenons cette fois-ci dans la magnifique r\u00e9gion de Chefchaouen. Avec ses rues pittoresques aux murs bleus \u00e9clatants, cette ville marocaine offre un cadre exceptionnel pour vos \u00e9v\u00e9nements d&rsquo;entreprise. De ses magnifiques paysages montagneux \u00e0 son atmosph\u00e8re apaisante, Chefchaouen est une destination de choix pour un s\u00e9minaire, un [&hellip;]<\/p>\n","protected":false},"author":2,"featured_media":11284,"comment_status":"open","ping_status":"open","sticky":false,"template":"","format":"standard","meta":{"footnotes":""},"categories":[1],"tags":[],"class_list":["post-11283","post","type-post","status-publish","format-standard","has-post-thumbnail","hentry","category-uncategorized"],"yoast_head":"<!-- This site is optimized with the Yoast SEO plugin v25.6 - https:\/\/yoast.com\/wordpress\/plugins\/seo\/ -->\n<title>\ud83d\udccd\u00a0Spot du mois : Oued Kanar &amp; R\u00e9gion de Chefchaouen\u00a0\u00a0\ud83c\udfde\ufe0f | Tendencia<\/title>\n<meta name=\"robots\" content=\"index, follow, max-snippet:-1, max-image-preview:large, max-video-preview:-1\" \/>\n<link rel=\"canonical\" href=\"https:\/\/tendenciaevents.com\/fr\/2023\/12\/22\/\ud83d\udccd-spot-du-mois-oued-kanar-region-de-chefchaouen-\ud83c\udfde\ufe0f\/\" \/>\n<meta property=\"og:locale\" content=\"fr_FR\" \/>\n<meta property=\"og:type\" content=\"article\" \/>\n<meta property=\"og:title\" content=\"\ud83d\udccd\u00a0Spot du mois : Oued Kanar &amp; R\u00e9gion de Chefchaouen\u00a0\u00a0\ud83c\udfde\ufe0f | Tendencia\" \/>\n<meta property=\"og:description\" content=\"Dans notre s\u00e9rie \u00ab\u00a0Spot du mois\u00a0\u00bb, nous vous emmenons cette fois-ci dans la magnifique r\u00e9gion de Chefchaouen. Avec ses rues pittoresques aux murs bleus \u00e9clatants, cette ville marocaine offre un cadre exceptionnel pour vos \u00e9v\u00e9nements d&rsquo;entreprise. De ses magnifiques paysages montagneux \u00e0 son atmosph\u00e8re apaisante, Chefchaouen est une destination de choix pour un s\u00e9minaire, un [&hellip;]\" \/>\n<meta property=\"og:url\" content=\"https:\/\/tendenciaevents.com\/fr\/2023\/12\/22\/\ud83d\udccd-spot-du-mois-oued-kanar-region-de-chefchaouen-\ud83c\udfde\ufe0f\/\" \/>\n<meta property=\"og:site_name\" content=\"Tendencia\" \/>\n<meta property=\"article:published_time\" content=\"2023-12-22T15:45:35+00:00\" \/>\n<meta property=\"article:modified_time\" content=\"2024-10-29T14:36:25+00:00\" \/>\n<meta property=\"og:image\" content=\"https:\/\/tendenciaevents.com\/wp-content\/uploads\/2025\/08\/logo-website-tendencia.png\" \/>\n\t<meta property=\"og:image:width\" content=\"1200\" \/>\n\t<meta property=\"og:image:height\" content=\"675\" \/>\n\t<meta property=\"og:image:type\" content=\"image\/png\" \/>\n<meta name=\"author\" content=\"Fatima-ezzahra\" \/>\n<meta name=\"twitter:card\" content=\"summary_large_image\" \/>\n<meta name=\"twitter:label1\" content=\"\u00c9crit par\" \/>\n\t<meta name=\"twitter:data1\" content=\"Fatima-ezzahra\" \/>\n\t<meta name=\"twitter:label2\" content=\"Dur\u00e9e de lecture estim\u00e9e\" \/>\n\t<meta name=\"twitter:data2\" content=\"3 minutes\" \/>\n<script type=\"application\/ld+json\" class=\"yoast-schema-graph\">{\"@context\":\"https:\/\/schema.org\",\"@graph\":[{\"@type\":[\"Article\",\"BlogPosting\"],\"@id\":\"https:\/\/tendenciaevents.com\/fr\/2023\/12\/22\/%f0%9f%93%8d-spot-du-mois-oued-kanar-region-de-chefchaouen-%f0%9f%8f%9e%ef%b8%8f\/#article\",\"isPartOf\":{\"@id\":\"https:\/\/tendenciaevents.com\/fr\/2023\/12\/22\/%f0%9f%93%8d-spot-du-mois-oued-kanar-region-de-chefchaouen-%f0%9f%8f%9e%ef%b8%8f\/\"},\"author\":{\"name\":\"Fatima-ezzahra\",\"@id\":\"https:\/\/tendenciaevents.com\/#\/schema\/person\/853d9ccd1a413652e73a0e906245e43a\"},\"headline\":\"\ud83d\udccd\u00a0Spot du mois : Oued Kanar &amp; R\u00e9gion de Chefchaouen\u00a0\u00a0\ud83c\udfde\ufe0f\",\"datePublished\":\"2023-12-22T15:45:35+00:00\",\"dateModified\":\"2024-10-29T14:36:25+00:00\",\"mainEntityOfPage\":{\"@id\":\"https:\/\/tendenciaevents.com\/fr\/2023\/12\/22\/%f0%9f%93%8d-spot-du-mois-oued-kanar-region-de-chefchaouen-%f0%9f%8f%9e%ef%b8%8f\/\"},\"wordCount\":647,\"commentCount\":0,\"publisher\":{\"@id\":\"https:\/\/tendenciaevents.com\/#organization\"},\"image\":{\"@id\":\"https:\/\/tendenciaevents.com\/fr\/2023\/12\/22\/%f0%9f%93%8d-spot-du-mois-oued-kanar-region-de-chefchaouen-%f0%9f%8f%9e%ef%b8%8f\/#primaryimage\"},\"thumbnailUrl\":\"\",\"articleSection\":[\"Uncategorized\"],\"inLanguage\":\"fr-FR\",\"potentialAction\":[{\"@type\":\"CommentAction\",\"name\":\"Comment\",\"target\":[\"https:\/\/tendenciaevents.com\/fr\/2023\/12\/22\/%f0%9f%93%8d-spot-du-mois-oued-kanar-region-de-chefchaouen-%f0%9f%8f%9e%ef%b8%8f\/#respond\"]}]},{\"@type\":\"WebPage\",\"@id\":\"https:\/\/tendenciaevents.com\/fr\/2023\/12\/22\/%f0%9f%93%8d-spot-du-mois-oued-kanar-region-de-chefchaouen-%f0%9f%8f%9e%ef%b8%8f\/\",\"url\":\"https:\/\/tendenciaevents.com\/fr\/2023\/12\/22\/%f0%9f%93%8d-spot-du-mois-oued-kanar-region-de-chefchaouen-%f0%9f%8f%9e%ef%b8%8f\/\",\"name\":\"\ud83d\udccd\u00a0Spot du mois : Oued Kanar &amp; R\u00e9gion de Chefchaouen\u00a0\u00a0\ud83c\udfde\ufe0f | Tendencia\",\"isPartOf\":{\"@id\":\"https:\/\/tendenciaevents.com\/#website\"},\"primaryImageOfPage\":{\"@id\":\"https:\/\/tendenciaevents.com\/fr\/2023\/12\/22\/%f0%9f%93%8d-spot-du-mois-oued-kanar-region-de-chefchaouen-%f0%9f%8f%9e%ef%b8%8f\/#primaryimage\"},\"image\":{\"@id\":\"https:\/\/tendenciaevents.com\/fr\/2023\/12\/22\/%f0%9f%93%8d-spot-du-mois-oued-kanar-region-de-chefchaouen-%f0%9f%8f%9e%ef%b8%8f\/#primaryimage\"},\"thumbnailUrl\":\"\",\"datePublished\":\"2023-12-22T15:45:35+00:00\",\"dateModified\":\"2024-10-29T14:36:25+00:00\",\"breadcrumb\":{\"@id\":\"https:\/\/tendenciaevents.com\/fr\/2023\/12\/22\/%f0%9f%93%8d-spot-du-mois-oued-kanar-region-de-chefchaouen-%f0%9f%8f%9e%ef%b8%8f\/#breadcrumb\"},\"inLanguage\":\"fr-FR\",\"potentialAction\":[{\"@type\":\"ReadAction\",\"target\":[\"https:\/\/tendenciaevents.com\/fr\/2023\/12\/22\/%f0%9f%93%8d-spot-du-mois-oued-kanar-region-de-chefchaouen-%f0%9f%8f%9e%ef%b8%8f\/\"]}]},{\"@type\":\"ImageObject\",\"inLanguage\":\"fr-FR\",\"@id\":\"https:\/\/tendenciaevents.com\/fr\/2023\/12\/22\/%f0%9f%93%8d-spot-du-mois-oued-kanar-region-de-chefchaouen-%f0%9f%8f%9e%ef%b8%8f\/#primaryimage\",\"url\":\"\",\"contentUrl\":\"\"},{\"@type\":\"BreadcrumbList\",\"@id\":\"https:\/\/tendenciaevents.com\/fr\/2023\/12\/22\/%f0%9f%93%8d-spot-du-mois-oued-kanar-region-de-chefchaouen-%f0%9f%8f%9e%ef%b8%8f\/#breadcrumb\",\"itemListElement\":[{\"@type\":\"ListItem\",\"position\":1,\"name\":\"Home\",\"item\":\"https:\/\/tendenciaevents.com\/fr\/\"},{\"@type\":\"ListItem\",\"position\":2,\"name\":\"\ud83d\udccd\u00a0Spot du mois : Oued Kanar &amp; R\u00e9gion de Chefchaouen\u00a0\u00a0\ud83c\udfde\ufe0f\"}]},{\"@type\":\"WebSite\",\"@id\":\"https:\/\/tendenciaevents.com\/#website\",\"url\":\"https:\/\/tendenciaevents.com\/\",\"name\":\"Tendencia Events & Travel\",\"description\":\"Events &amp; Travel\",\"publisher\":{\"@id\":\"https:\/\/tendenciaevents.com\/#organization\"},\"alternateName\":\"Tendencia\",\"potentialAction\":[{\"@type\":\"SearchAction\",\"target\":{\"@type\":\"EntryPoint\",\"urlTemplate\":\"https:\/\/tendenciaevents.com\/?s={search_term_string}\"},\"query-input\":{\"@type\":\"PropertyValueSpecification\",\"valueRequired\":true,\"valueName\":\"search_term_string\"}}],\"inLanguage\":\"fr-FR\"},{\"@type\":\"Organization\",\"@id\":\"https:\/\/tendenciaevents.com\/#organization\",\"name\":\"Tendencia Events & Travel\",\"url\":\"https:\/\/tendenciaevents.com\/\",\"logo\":{\"@type\":\"ImageObject\",\"inLanguage\":\"fr-FR\",\"@id\":\"https:\/\/tendenciaevents.com\/#\/schema\/logo\/image\/\",\"url\":\"https:\/\/tendenciaevents.com\/wp-content\/uploads\/2019\/06\/logott-1.jpg\",\"contentUrl\":\"https:\/\/tendenciaevents.com\/wp-content\/uploads\/2019\/06\/logott-1.jpg\",\"width\":438,\"height\":215,\"caption\":\"Tendencia Events & Travel\"},\"image\":{\"@id\":\"https:\/\/tendenciaevents.com\/#\/schema\/logo\/image\/\"},\"sameAs\":[\"https:\/\/www.linkedin.com\/in\/nabih-kabbaj\/\",\"https:\/\/www.tiktok.com\/@teambuildingmorocco?_t=8mmm9g9xd6z&_r=1\",\"https:\/\/www.instagram.com\/teambuildingmorocco\/\",\"https:\/\/www.youtube.com\/@tendenciaeventstravel2270\"]},{\"@type\":\"Person\",\"@id\":\"https:\/\/tendenciaevents.com\/#\/schema\/person\/853d9ccd1a413652e73a0e906245e43a\",\"name\":\"Fatima-ezzahra\",\"image\":{\"@type\":\"ImageObject\",\"inLanguage\":\"fr-FR\",\"@id\":\"https:\/\/tendenciaevents.com\/#\/schema\/person\/image\/\",\"url\":\"https:\/\/secure.gravatar.com\/avatar\/?s=96&d=mm&r=g\",\"contentUrl\":\"https:\/\/secure.gravatar.com\/avatar\/?s=96&d=mm&r=g\",\"caption\":\"Fatima-ezzahra\"},\"url\":\"https:\/\/tendenciaevents.com\/fr\/author\/fatima-ezzahra\/\"}]}<\/script>\n<!-- \/ Yoast SEO plugin. -->","yoast_head_json":{"title":"\ud83d\udccd\u00a0Spot du mois : Oued Kanar &amp; R\u00e9gion de Chefchaouen\u00a0\u00a0\ud83c\udfde\ufe0f | Tendencia","robots":{"index":"index","follow":"follow","max-snippet":"max-snippet:-1","max-image-preview":"max-image-preview:large","max-video-preview":"max-video-preview:-1"},"canonical":"https:\/\/tendenciaevents.com\/fr\/2023\/12\/22\/\ud83d\udccd-spot-du-mois-oued-kanar-region-de-chefchaouen-\ud83c\udfde\ufe0f\/","og_locale":"fr_FR","og_type":"article","og_title":"\ud83d\udccd\u00a0Spot du mois : Oued Kanar &amp; R\u00e9gion de Chefchaouen\u00a0\u00a0\ud83c\udfde\ufe0f | Tendencia","og_description":"Dans notre s\u00e9rie \u00ab\u00a0Spot du mois\u00a0\u00bb, nous vous emmenons cette fois-ci dans la magnifique r\u00e9gion de Chefchaouen. Avec ses rues pittoresques aux murs bleus \u00e9clatants, cette ville marocaine offre un cadre exceptionnel pour vos \u00e9v\u00e9nements d&rsquo;entreprise. De ses magnifiques paysages montagneux \u00e0 son atmosph\u00e8re apaisante, Chefchaouen est une destination de choix pour un s\u00e9minaire, un [&hellip;]","og_url":"https:\/\/tendenciaevents.com\/fr\/2023\/12\/22\/\ud83d\udccd-spot-du-mois-oued-kanar-region-de-chefchaouen-\ud83c\udfde\ufe0f\/","og_site_name":"Tendencia","article_published_time":"2023-12-22T15:45:35+00:00","article_modified_time":"2024-10-29T14:36:25+00:00","og_image":[{"width":1200,"height":675,"url":"https:\/\/tendenciaevents.com\/wp-content\/uploads\/2025\/08\/logo-website-tendencia.png","type":"image\/png"}],"author":"Fatima-ezzahra","twitter_card":"summary_large_image","twitter_misc":{"\u00c9crit par":"Fatima-ezzahra","Dur\u00e9e de lecture estim\u00e9e":"3 minutes"},"schema":{"@context":"https:\/\/schema.org","@graph":[{"@type":["Article","BlogPosting"],"@id":"https:\/\/tendenciaevents.com\/fr\/2023\/12\/22\/%f0%9f%93%8d-spot-du-mois-oued-kanar-region-de-chefchaouen-%f0%9f%8f%9e%ef%b8%8f\/#article","isPartOf":{"@id":"https:\/\/tendenciaevents.com\/fr\/2023\/12\/22\/%f0%9f%93%8d-spot-du-mois-oued-kanar-region-de-chefchaouen-%f0%9f%8f%9e%ef%b8%8f\/"},"author":{"name":"Fatima-ezzahra","@id":"https:\/\/tendenciaevents.com\/#\/schema\/person\/853d9ccd1a413652e73a0e906245e43a"},"headline":"\ud83d\udccd\u00a0Spot du mois : Oued Kanar &amp; R\u00e9gion de Chefchaouen\u00a0\u00a0\ud83c\udfde\ufe0f","datePublished":"2023-12-22T15:45:35+00:00","dateModified":"2024-10-29T14:36:25+00:00","mainEntityOfPage":{"@id":"https:\/\/tendenciaevents.com\/fr\/2023\/12\/22\/%f0%9f%93%8d-spot-du-mois-oued-kanar-region-de-chefchaouen-%f0%9f%8f%9e%ef%b8%8f\/"},"wordCount":647,"commentCount":0,"publisher":{"@id":"https:\/\/tendenciaevents.com\/#organization"},"image":{"@id":"https:\/\/tendenciaevents.com\/fr\/2023\/12\/22\/%f0%9f%93%8d-spot-du-mois-oued-kanar-region-de-chefchaouen-%f0%9f%8f%9e%ef%b8%8f\/#primaryimage"},"thumbnailUrl":"","articleSection":["Uncategorized"],"inLanguage":"fr-FR","potentialAction":[{"@type":"CommentAction","name":"Comment","target":["https:\/\/tendenciaevents.com\/fr\/2023\/12\/22\/%f0%9f%93%8d-spot-du-mois-oued-kanar-region-de-chefchaouen-%f0%9f%8f%9e%ef%b8%8f\/#respond"]}]},{"@type":"WebPage","@id":"https:\/\/tendenciaevents.com\/fr\/2023\/12\/22\/%f0%9f%93%8d-spot-du-mois-oued-kanar-region-de-chefchaouen-%f0%9f%8f%9e%ef%b8%8f\/","url":"https:\/\/tendenciaevents.com\/fr\/2023\/12\/22\/%f0%9f%93%8d-spot-du-mois-oued-kanar-region-de-chefchaouen-%f0%9f%8f%9e%ef%b8%8f\/","name":"\ud83d\udccd\u00a0Spot du mois : Oued Kanar &amp; R\u00e9gion de Chefchaouen\u00a0\u00a0\ud83c\udfde\ufe0f | Tendencia","isPartOf":{"@id":"https:\/\/tendenciaevents.com\/#website"},"primaryImageOfPage":{"@id":"https:\/\/tendenciaevents.com\/fr\/2023\/12\/22\/%f0%9f%93%8d-spot-du-mois-oued-kanar-region-de-chefchaouen-%f0%9f%8f%9e%ef%b8%8f\/#primaryimage"},"image":{"@id":"https:\/\/tendenciaevents.com\/fr\/2023\/12\/22\/%f0%9f%93%8d-spot-du-mois-oued-kanar-region-de-chefchaouen-%f0%9f%8f%9e%ef%b8%8f\/#primaryimage"},"thumbnailUrl":"","datePublished":"2023-12-22T15:45:35+00:00","dateModified":"2024-10-29T14:36:25+00:00","breadcrumb":{"@id":"https:\/\/tendenciaevents.com\/fr\/2023\/12\/22\/%f0%9f%93%8d-spot-du-mois-oued-kanar-region-de-chefchaouen-%f0%9f%8f%9e%ef%b8%8f\/#breadcrumb"},"inLanguage":"fr-FR","potentialAction":[{"@type":"ReadAction","target":["https:\/\/tendenciaevents.com\/fr\/2023\/12\/22\/%f0%9f%93%8d-spot-du-mois-oued-kanar-region-de-chefchaouen-%f0%9f%8f%9e%ef%b8%8f\/"]}]},{"@type":"ImageObject","inLanguage":"fr-FR","@id":"https:\/\/tendenciaevents.com\/fr\/2023\/12\/22\/%f0%9f%93%8d-spot-du-mois-oued-kanar-region-de-chefchaouen-%f0%9f%8f%9e%ef%b8%8f\/#primaryimage","url":"","contentUrl":""},{"@type":"BreadcrumbList","@id":"https:\/\/tendenciaevents.com\/fr\/2023\/12\/22\/%f0%9f%93%8d-spot-du-mois-oued-kanar-region-de-chefchaouen-%f0%9f%8f%9e%ef%b8%8f\/#breadcrumb","itemListElement":[{"@type":"ListItem","position":1,"name":"Home","item":"https:\/\/tendenciaevents.com\/fr\/"},{"@type":"ListItem","position":2,"name":"\ud83d\udccd\u00a0Spot du mois : Oued Kanar &amp; R\u00e9gion de Chefchaouen\u00a0\u00a0\ud83c\udfde\ufe0f"}]},{"@type":"WebSite","@id":"https:\/\/tendenciaevents.com\/#website","url":"https:\/\/tendenciaevents.com\/","name":"Tendencia Events & Travel","description":"Events &amp; Travel","publisher":{"@id":"https:\/\/tendenciaevents.com\/#organization"},"alternateName":"Tendencia","potentialAction":[{"@type":"SearchAction","target":{"@type":"EntryPoint","urlTemplate":"https:\/\/tendenciaevents.com\/?s={search_term_string}"},"query-input":{"@type":"PropertyValueSpecification","valueRequired":true,"valueName":"search_term_string"}}],"inLanguage":"fr-FR"},{"@type":"Organization","@id":"https:\/\/tendenciaevents.com\/#organization","name":"Tendencia Events & Travel","url":"https:\/\/tendenciaevents.com\/","logo":{"@type":"ImageObject","inLanguage":"fr-FR","@id":"https:\/\/tendenciaevents.com\/#\/schema\/logo\/image\/","url":"https:\/\/tendenciaevents.com\/wp-content\/uploads\/2019\/06\/logott-1.jpg","contentUrl":"https:\/\/tendenciaevents.com\/wp-content\/uploads\/2019\/06\/logott-1.jpg","width":438,"height":215,"caption":"Tendencia Events & Travel"},"image":{"@id":"https:\/\/tendenciaevents.com\/#\/schema\/logo\/image\/"},"sameAs":["https:\/\/www.linkedin.com\/in\/nabih-kabbaj\/","https:\/\/www.tiktok.com\/@teambuildingmorocco?_t=8mmm9g9xd6z&_r=1","https:\/\/www.instagram.com\/teambuildingmorocco\/","https:\/\/www.youtube.com\/@tendenciaeventstravel2270"]},{"@type":"Person","@id":"https:\/\/tendenciaevents.com\/#\/schema\/person\/853d9ccd1a413652e73a0e906245e43a","name":"Fatima-ezzahra","image":{"@type":"ImageObject","inLanguage":"fr-FR","@id":"https:\/\/tendenciaevents.com\/#\/schema\/person\/image\/","url":"https:\/\/secure.gravatar.com\/avatar\/?s=96&d=mm&r=g","contentUrl":"https:\/\/secure.gravatar.com\/avatar\/?s=96&d=mm&r=g","caption":"Fatima-ezzahra"},"url":"https:\/\/tendenciaevents.com\/fr\/author\/fatima-ezzahra\/"}]}},"_links":{"self":[{"href":"https:\/\/tendenciaevents.com\/fr\/wp-json\/wp\/v2\/posts\/11283"}],"collection":[{"href":"https:\/\/tendenciaevents.com\/fr\/wp-json\/wp\/v2\/posts"}],"about":[{"href":"https:\/\/tendenciaevents.com\/fr\/wp-json\/wp\/v2\/types\/post"}],"author":[{"embeddable":true,"href":"https:\/\/tendenciaevents.com\/fr\/wp-json\/wp\/v2\/users\/2"}],"replies":[{"embeddable":true,"href":"https:\/\/tendenciaevents.com\/fr\/wp-json\/wp\/v2\/comments?post=11283"}],"version-history":[{"count":3,"href":"https:\/\/tendenciaevents.com\/fr\/wp-json\/wp\/v2\/posts\/11283\/revisions"}],"predecessor-version":[{"id":14673,"href":"https:\/\/tendenciaevents.com\/fr\/wp-json\/wp\/v2\/posts\/11283\/revisions\/14673"}],"wp:featuredmedia":[{"embeddable":true,"href":"https:\/\/tendenciaevents.com\/fr\/wp-json\/"}],"wp:attachment":[{"href":"https:\/\/tendenciaevents.com\/fr\/wp-json\/wp\/v2\/media?parent=11283"}],"wp:term":[{"taxonomy":"category","embeddable":true,"href":"https:\/\/tendenciaevents.com\/fr\/wp-json\/wp\/v2\/categories?post=11283"},{"taxonomy":"post_tag","embeddable":true,"href":"https:\/\/tendenciaevents.com\/fr\/wp-json\/wp\/v2\/tags?post=11283"}],"curies":[{"name":"wp","href":"https:\/\/api.w.org\/{rel}","templated":true}]}}